{"id":3343,"date":"2025-01-06T21:58:00","date_gmt":"2025-01-06T20:58:00","guid":{"rendered":"https:\/\/bicycool.pl\/?p=3343"},"modified":"2025-01-14T20:58:36","modified_gmt":"2025-01-14T19:58:36","slug":"haldy-single-track-konin","status":"publish","type":"post","link":"https:\/\/bicycool.pl\/?p=3343","title":{"rendered":"Ha\u0142dy Single Track &#8211; Konin"},"content":{"rendered":"\t\t<div data-elementor-type=\"wp-post\" data-elementor-id=\"3343\" class=\"elementor elementor-3343\">\n\t\t\t\t<div class=\"elementor-element elementor-element-5dee188 e-flex e-con-boxed e-con e-parent\" data-id=\"5dee188\" data-element_type=\"container\" data-e-type=\"container\">\n\t\t\t\t\t<div class=\"e-con-inner\">\n\t\t\t\t<div class=\"elementor-element elementor-element-e93c88d elementor-widget elementor-widget-heading\" data-id=\"e93c88d\" data-element_type=\"widget\" data-e-type=\"widget\" data-widget_type=\"heading.default\">\n\t\t\t\t<div class=\"elementor-widget-container\">\n\t\t\t\t\t<h2 class=\"elementor-heading-title elementor-size-default\">W Koninie powsta\u0142a nowa, ekscytuj\u0105ca atrakcja dla mi\u0142o\u015bnik\u00f3w rower\u00f3w g\u00f3rskich!<\/h2>\t\t\t\t<\/div>\n\t\t\t\t<\/div>\n\t\t\t\t\t<\/div>\n\t\t\t\t<\/div>\n\t\t<div class=\"elementor-element elementor-element-a284e4c e-flex e-con-boxed e-con e-parent\" data-id=\"a284e4c\" data-element_type=\"container\" data-e-type=\"container\">\n\t\t\t\t\t<div class=\"e-con-inner\">\n\t\t\t\t<div class=\"elementor-element elementor-element-6c2dc21 elementor-widget elementor-widget-spacer\" data-id=\"6c2dc21\" data-element_type=\"widget\" data-e-type=\"widget\" data-widget_type=\"spacer.default\">\n\t\t\t\t<div class=\"elementor-widget-container\">\n\t\t\t\t\t\t\t<div class=\"elementor-spacer\">\n\t\t\t<div class=\"elementor-spacer-inner\"><\/div>\n\t\t<\/div>\n\t\t\t\t\t\t<\/div>\n\t\t\t\t<\/div>\n\t\t\t\t\t<\/div>\n\t\t\t\t<\/div>\n\t\t<div class=\"elementor-element elementor-element-e9a794a e-flex e-con-boxed e-con e-parent\" data-id=\"e9a794a\" data-element_type=\"container\" data-e-type=\"container\">\n\t\t\t\t\t<div class=\"e-con-inner\">\n\t\t\t\t<div class=\"elementor-element elementor-element-c0ba0c4 elementor-widget elementor-widget-text-editor\" data-id=\"c0ba0c4\" data-element_type=\"widget\" data-e-type=\"widget\" data-widget_type=\"text-editor.default\">\n\t\t\t\t<div class=\"elementor-widget-container\">\n\t\t\t\t\t\t\t\t\t<p>10 lipca 2024 roku odby\u0142o si\u0119 oficjalne otwarcie nowych tras typu <strong>single track<\/strong> na ha\u0142dach pokopalnianych w dzielnicy <strong>Zatorze<\/strong>. By\u0142o to wydarzenie, na kt\u00f3re czekali wszyscy pasjonaci aktywnego wypoczynku na \u015bwie\u017cym powietrzu. <strong>Z dum\u0105 mo\u017cemy powiedzie\u0107, \u017ce mieli\u015bmy zaszczyt uczestniczy\u0107 w procesie tworzenia tej wyj\u0105tkowej infrastruktury rowerowej.<\/strong><\/p>\t\t\t\t\t\t\t\t<\/div>\n\t\t\t\t<\/div>\n\t\t\t\t\t<\/div>\n\t\t\t\t<\/div>\n\t\t<div class=\"elementor-element elementor-element-db57a7c e-flex e-con-boxed e-con e-parent\" data-id=\"db57a7c\" data-element_type=\"container\" data-e-type=\"container\">\n\t\t\t\t\t<div class=\"e-con-inner\">\n\t\t\t\t<div class=\"elementor-element elementor-element-65ebcbd elementor-widget elementor-widget-text-editor\" data-id=\"65ebcbd\" data-element_type=\"widget\" data-e-type=\"widget\" data-widget_type=\"text-editor.default\">\n\t\t\t\t<div class=\"elementor-widget-container\">\n\t\t\t\t\t\t\t\t\t<p>Trasy rowerowe na ha\u0142dach to prawdziwa gratka dla ka\u017cdego, kto szuka wyzwa\u0144 i adrenaliny. Dzi\u0119ki odpowiedniemu zaprojektowaniu, oferuj\u0105 one r\u00f3\u017cnorodne \u015bcie\u017cki dostosowane do r\u00f3\u017cnych poziom\u00f3w zaawansowania, co czyni je atrakcyjnymi zar\u00f3wno dla pocz\u0105tkuj\u0105cych, jak i bardziej do\u015bwiadczonych rowerzyst\u00f3w. Te nowe \u015bcie\u017cki nie tylko oferuj\u0105 \u015bwietn\u0105 zabaw\u0119, ale tak\u017ce umo\u017cliwiaj\u0105 pe\u0142ne zanurzenie si\u0119 w otaczaj\u0105cej naturze, z widokiem na rewitalizowane tereny pokopalniane.<\/p>\t\t\t\t\t\t\t\t<\/div>\n\t\t\t\t<\/div>\n\t\t\t\t\t<\/div>\n\t\t\t\t<\/div>\n\t\t<div class=\"elementor-element elementor-element-774ed01 e-flex e-con-boxed e-con e-parent\" data-id=\"774ed01\" data-element_type=\"container\" data-e-type=\"container\">\n\t\t\t\t\t<div class=\"e-con-inner\">\n\t\t\t\t<div class=\"elementor-element elementor-element-a61af79 elementor-widget elementor-widget-text-editor\" data-id=\"a61af79\" data-element_type=\"widget\" data-e-type=\"widget\" data-widget_type=\"text-editor.default\">\n\t\t\t\t<div class=\"elementor-widget-container\">\n\t\t\t\t\t\t\t\t\t<p>Projekt stworzenia tych tras by\u0142 dla nas wyj\u0105tkow\u0105 okazj\u0105 do w\u0142\u0105czenia si\u0119 w rozw\u00f3j regionu, a tak\u017ce do przyczynienia si\u0119 do rewitalizacji obszar\u00f3w, kt\u00f3re kiedy\u015b mia\u0142y zupe\u0142nie inn\u0105 rol\u0119. Dzi\u015b te same ha\u0142dy, kt\u00f3re kiedy\u015b by\u0142y symbolami przemys\u0142owej przesz\u0142o\u015bci, sta\u0142y si\u0119 przestrzeni\u0105 sprzyjaj\u0105c\u0105 zdrowemu trybowi \u017cycia, relaksowi oraz integracji spo\u0142ecznej.<\/p>\t\t\t\t\t\t\t\t<\/div>\n\t\t\t\t<\/div>\n\t\t\t\t\t<\/div>\n\t\t\t\t<\/div>\n\t\t<div class=\"elementor-element elementor-element-9545af4 e-flex e-con-boxed e-con e-parent\" data-id=\"9545af4\" data-element_type=\"container\" data-e-type=\"container\">\n\t\t\t\t\t<div class=\"e-con-inner\">\n\t\t\t\t<div class=\"elementor-element elementor-element-9c59a83 elementor-widget elementor-widget-text-editor\" data-id=\"9c59a83\" data-element_type=\"widget\" data-e-type=\"widget\" data-widget_type=\"text-editor.default\">\n\t\t\t\t<div class=\"elementor-widget-container\">\n\t\t\t\t\t\t\t\t\t<p>Otwarcie tych tras to nie tylko wielka rado\u015b\u0107 dla rowerzyst\u00f3w, ale tak\u017ce wa\u017cny krok w rozwoju infrastruktury turystycznej w Koninie. Jako tw\u00f3rcy i uczestnicy tego projektu cieszymy si\u0119, \u017ce nasze zaanga\u017cowanie przyczyni\u0142o si\u0119 do stworzenia nowego miejsca, kt\u00f3re b\u0119dzie s\u0142u\u017cy\u0142o mieszka\u0144com miasta oraz odwiedzaj\u0105cym przez wiele lat.<\/p>\t\t\t\t\t\t\t\t<\/div>\n\t\t\t\t<\/div>\n\t\t\t\t\t<\/div>\n\t\t\t\t<\/div>\n\t\t<div class=\"elementor-element elementor-element-7c6ba23 e-flex e-con-boxed e-con e-parent\" data-id=\"7c6ba23\" data-element_type=\"container\" data-e-type=\"container\">\n\t\t\t\t\t<div class=\"e-con-inner\">\n\t\t\t\t<div class=\"elementor-element elementor-element-37d68b6 elementor-widget elementor-widget-text-editor\" data-id=\"37d68b6\" data-element_type=\"widget\" data-e-type=\"widget\" data-widget_type=\"text-editor.default\">\n\t\t\t\t<div class=\"elementor-widget-container\">\n\t\t\t\t\t\t\t\t\t<p>Mamy nadziej\u0119, \u017ce nowe single tracki stan\u0105 si\u0119 popularnym punktem na rowerowej mapie Konina, a ich u\u017cytkownicy b\u0119d\u0105 czerpa\u0107 rado\u015b\u0107 z jazdy, odkrywaj\u0105c jednocze\u015bnie pi\u0119kno tej unikalnej okolicy. To dopiero pocz\u0105tek, a przysz\u0142o\u015b\u0107 wygl\u0105da naprawd\u0119 obiecuj\u0105co!<\/p>\t\t\t\t\t\t\t\t<\/div>\n\t\t\t\t<\/div>\n\t\t\t\t\t<\/div>\n\t\t\t\t<\/div>\n\t\t<div class=\"elementor-element elementor-element-5bc2eb3 e-flex e-con-boxed e-con e-parent\" data-id=\"5bc2eb3\" data-element_type=\"container\" data-e-type=\"container\">\n\t\t\t\t\t<div class=\"e-con-inner\">\n\t\t\t\t<div class=\"elementor-element elementor-element-6710bec elementor-widget elementor-widget-text-editor\" data-id=\"6710bec\" data-element_type=\"widget\" data-e-type=\"widget\" data-widget_type=\"text-editor.default\">\n\t\t\t\t<div class=\"elementor-widget-container\">\n\t\t\t\t\t\t\t\t\t<p>Je\u015bli planujecie wyjazd na nowe single tracki w Koninie, warto zadba\u0107 o odpowiedni sprz\u0119t. W naszej ofercie znajdziecie rowery <a href=\"https:\/\/bicycool.pl\/?s=ns+bikes&amp;post_type=product\">NS Bikes<\/a>, idealne do jazdy po takich trasach. Solidno\u015b\u0107, lekko\u015b\u0107 i doskona\u0142a kontrola to cechy, kt\u00f3re zapewni\u0105 komfortow\u0105 i bezpieczn\u0105 przygod\u0119 na ka\u017cdym odcinku. Zapraszamy do zapoznania si\u0119 z nasz\u0105 ofert\u0105!<\/p>\t\t\t\t\t\t\t\t<\/div>\n\t\t\t\t<\/div>\n\t\t\t\t\t<\/div>\n\t\t\t\t<\/div>\n\t\t<div class=\"elementor-element elementor-element-8271eca e-flex e-con-boxed e-con e-parent\" data-id=\"8271eca\" data-element_type=\"container\" data-e-type=\"container\">\n\t\t\t\t\t<div class=\"e-con-inner\">\n\t\t\t\t<div class=\"elementor-element elementor-element-b6c7459 elementor-widget elementor-widget-spacer\" data-id=\"b6c7459\" data-element_type=\"widget\" data-e-type=\"widget\" data-widget_type=\"spacer.default\">\n\t\t\t\t<div class=\"elementor-widget-container\">\n\t\t\t\t\t\t\t<div class=\"elementor-spacer\">\n\t\t\t<div class=\"elementor-spacer-inner\"><\/div>\n\t\t<\/div>\n\t\t\t\t\t\t<\/div>\n\t\t\t\t<\/div>\n\t\t\t\t\t<\/div>\n\t\t\t\t<\/div>\n\t\t<div class=\"elementor-element elementor-element-1080c8d e-flex e-con-boxed e-con e-parent\" data-id=\"1080c8d\" data-element_type=\"container\" data-e-type=\"container\">\n\t\t\t\t\t<div class=\"e-con-inner\">\n\t\t\t\t<div class=\"elementor-element elementor-element-ce7f812 elementor-widget elementor-widget-heading\" data-id=\"ce7f812\" data-element_type=\"widget\" data-e-type=\"widget\" data-widget_type=\"heading.default\">\n\t\t\t\t<div class=\"elementor-widget-container\">\n\t\t\t\t\t<h2 class=\"elementor-heading-title elementor-size-default\">Fakty o trasach singletrack \u2013 szybko i na temat<\/h2>\t\t\t\t<\/div>\n\t\t\t\t<\/div>\n\t\t\t\t\t<\/div>\n\t\t\t\t<\/div>\n\t\t<div class=\"elementor-element elementor-element-45282a7 e-flex e-con-boxed e-con e-parent\" data-id=\"45282a7\" data-element_type=\"container\" data-e-type=\"container\">\n\t\t\t\t\t<div class=\"e-con-inner\">\n\t\t\t\t<div class=\"elementor-element elementor-element-989f2cd elementor-widget elementor-widget-text-editor\" data-id=\"989f2cd\" data-element_type=\"widget\" data-e-type=\"widget\" data-widget_type=\"text-editor.default\">\n\t\t\t\t<div class=\"elementor-widget-container\">\n\t\t\t\t\t\t\t\t\t<h4>\ud83d\udccf \u0141\u0105czna d\u0142ugo\u015b\u0107 tras: 2 758 m<\/h4><p>Oto jak to si\u0119 rozk\u0142ada:<\/p><ul><li><strong>Trasa nr 5 (zjazdowa)<\/strong>: 290 m<\/li><li><strong>Trasa nr 6 (zjazdowa)<\/strong>: 358 m<\/li><li><strong>Trasa nr 10 (podjazdowa)<\/strong>: 390 m<\/li><li><strong>Trasa nr 12a (zjazdowa)<\/strong>: 281 m<\/li><li><strong>Trasa nr 12b (zjazdowa)<\/strong>: 511 m<\/li><li><strong>Trasa nr 13 (zjazdowa)<\/strong>: 135 m<\/li><li><strong>Trasa nr 18 (zjazdowa)<\/strong>: 530 m<\/li><li><strong>Trasa nr 19 (pieszo-rowerowa)<\/strong>: 263 m<\/li><\/ul>\t\t\t\t\t\t\t\t<\/div>\n\t\t\t\t<\/div>\n\t\t\t\t\t<\/div>\n\t\t\t\t<\/div>\n\t\t<div class=\"elementor-element elementor-element-8b5553d e-flex e-con-boxed e-con e-parent\" data-id=\"8b5553d\" data-element_type=\"container\" data-e-type=\"container\">\n\t\t\t\t\t<div class=\"e-con-inner\">\n\t\t\t\t<div class=\"elementor-element elementor-element-ca0b144 elementor-widget elementor-widget-text-editor\" data-id=\"ca0b144\" data-element_type=\"widget\" data-e-type=\"widget\" data-widget_type=\"text-editor.default\">\n\t\t\t\t<div class=\"elementor-widget-container\">\n\t\t\t\t\t\t\t\t\t<h4>\ud83c\udfa2 Przeszkody: 106 sztuk<\/h4><p>Na trasach czekaj\u0105:<\/p><ul><li><strong>63 hopki<\/strong>,<\/li><li><strong>29 band<\/strong>,<\/li><li><strong>13 stolik\u00f3w<\/strong>,<\/li><li><strong>1 drop<\/strong>.<\/li><\/ul>\t\t\t\t\t\t\t\t<\/div>\n\t\t\t\t<\/div>\n\t\t\t\t\t<\/div>\n\t\t\t\t<\/div>\n\t\t<div class=\"elementor-element elementor-element-4ba0ea8 e-flex e-con-boxed e-con e-parent\" data-id=\"4ba0ea8\" data-element_type=\"container\" data-e-type=\"container\">\n\t\t\t\t\t<div class=\"e-con-inner\">\n\t\t\t\t<div class=\"elementor-element elementor-element-c8b7e25 elementor-widget elementor-widget-spacer\" data-id=\"c8b7e25\" data-element_type=\"widget\" data-e-type=\"widget\" data-widget_type=\"spacer.default\">\n\t\t\t\t<div class=\"elementor-widget-container\">\n\t\t\t\t\t\t\t<div class=\"elementor-spacer\">\n\t\t\t<div class=\"elementor-spacer-inner\"><\/div>\n\t\t<\/div>\n\t\t\t\t\t\t<\/div>\n\t\t\t\t<\/div>\n\t\t\t\t\t<\/div>\n\t\t\t\t<\/div>\n\t\t<div class=\"elementor-element elementor-element-bdcc104 e-flex e-con-boxed e-con e-parent\" data-id=\"bdcc104\" data-element_type=\"container\" data-e-type=\"container\">\n\t\t\t\t\t<div class=\"e-con-inner\">\n\t\t\t\t<div class=\"elementor-element elementor-element-9cfe24f elementor-widget elementor-widget-heading\" data-id=\"9cfe24f\" data-element_type=\"widget\" data-e-type=\"widget\" data-widget_type=\"heading.default\">\n\t\t\t\t<div class=\"elementor-widget-container\">\n\t\t\t\t\t<h2 class=\"elementor-heading-title elementor-size-default\">Filmik relacji z otwarcia tras single track w Koninie TeleWielkopolska<\/h2>\t\t\t\t<\/div>\n\t\t\t\t<\/div>\n\t\t\t\t\t<\/div>\n\t\t\t\t<\/div>\n\t\t<div class=\"elementor-element elementor-element-bbb42fa e-flex e-con-boxed e-con e-parent\" data-id=\"bbb42fa\" data-element_type=\"container\" data-e-type=\"container\">\n\t\t\t\t\t<div class=\"e-con-inner\">\n\t\t\t\t<div class=\"elementor-element elementor-element-7f2c17c elementor-widget elementor-widget-video\" data-id=\"7f2c17c\" data-element_type=\"widget\" data-e-type=\"widget\" data-settings=\"{&quot;youtube_url&quot;:&quot;https:\\\/\\\/www.youtube.com\\\/watch?v=5dCh-tnjks8&quot;,&quot;video_type&quot;:&quot;youtube&quot;,&quot;controls&quot;:&quot;yes&quot;}\" data-widget_type=\"video.default\">\n\t\t\t\t<div class=\"elementor-widget-container\">\n\t\t\t\t\t\t\t<div class=\"elementor-wrapper elementor-open-inline\">\n\t\t\t<div class=\"elementor-video\"><\/div>\t\t<\/div>\n\t\t\t\t\t\t<\/div>\n\t\t\t\t<\/div>\n\t\t\t\t\t<\/div>\n\t\t\t\t<\/div>\n\t\t<div class=\"elementor-element elementor-element-83bfed5 e-flex e-con-boxed e-con e-parent\" data-id=\"83bfed5\" data-element_type=\"container\" data-e-type=\"container\">\n\t\t\t\t\t<div class=\"e-con-inner\">\n\t\t\t\t<div class=\"elementor-element elementor-element-02fd298 elementor-widget elementor-widget-spacer\" data-id=\"02fd298\" data-element_type=\"widget\" data-e-type=\"widget\" data-widget_type=\"spacer.default\">\n\t\t\t\t<div class=\"elementor-widget-container\">\n\t\t\t\t\t\t\t<div class=\"elementor-spacer\">\n\t\t\t<div class=\"elementor-spacer-inner\"><\/div>\n\t\t<\/div>\n\t\t\t\t\t\t<\/div>\n\t\t\t\t<\/div>\n\t\t\t\t\t<\/div>\n\t\t\t\t<\/div>\n\t\t<div class=\"elementor-element elementor-element-6cb79ad e-flex e-con-boxed e-con e-parent\" data-id=\"6cb79ad\" data-element_type=\"container\" data-e-type=\"container\">\n\t\t\t\t\t<div class=\"e-con-inner\">\n\t\t\t\t<div class=\"elementor-element elementor-element-ac18398 elementor-widget elementor-widget-heading\" data-id=\"ac18398\" data-element_type=\"widget\" data-e-type=\"widget\" data-widget_type=\"heading.default\">\n\t\t\t\t<div class=\"elementor-widget-container\">\n\t\t\t\t\t<h2 class=\"elementor-heading-title elementor-size-default\">Nasz Short na Youtube<\/h2>\t\t\t\t<\/div>\n\t\t\t\t<\/div>\n\t\t\t\t\t<\/div>\n\t\t\t\t<\/div>\n\t\t<div class=\"elementor-element elementor-element-d2c5171 e-flex e-con-boxed e-con e-parent\" data-id=\"d2c5171\" data-element_type=\"container\" data-e-type=\"container\">\n\t\t\t\t\t<div class=\"e-con-inner\">\n\t\t\t\t<div class=\"elementor-element elementor-element-01aea31 elementor-widget elementor-widget-shortcode\" data-id=\"01aea31\" data-element_type=\"widget\" data-e-type=\"widget\" data-widget_type=\"shortcode.default\">\n\t\t\t\t<div class=\"elementor-widget-container\">\n\t\t\t\t\t\t\t<div class=\"elementor-shortcode\"><iframe width=\"560\" height=\"995\" src=\"https:\/\/www.youtube.com\/embed\/l1Ax_vqIT_E\" title=\"Single track Ha\u0142y - Konin Wielkopolska\" frameborder=\"0\" allow=\"accelerometer; autoplay; clipboard-write; encrypted-media; gyroscope; picture-in-picture; web-share\" referrerpolicy=\"strict-origin-when-cross-origin\" allowfullscreen><\/iframe><\/div>\n\t\t\t\t\t\t<\/div>\n\t\t\t\t<\/div>\n\t\t\t\t\t<\/div>\n\t\t\t\t<\/div>\n\t\t\t\t<\/div>\n\t\t","protected":false},"excerpt":{"rendered":"<p>W Koninie powsta\u0142a nowa, ekscytuj\u0105ca atrakcja dla mi\u0142o\u015bnik\u00f3w rower\u00f3w g\u00f3rskich! 10 lipca 2024 roku odby\u0142o si\u0119 oficjalne otwarcie nowych tras typu single track na ha\u0142dach pokopalnianych w dzielnicy Zatorze. By\u0142o to wydarzenie, na kt\u00f3re czekali wszyscy pasjonaci aktywnego wypoczynku na \u015bwie\u017cym powietrzu. Z dum\u0105 mo\u017cemy powiedzie\u0107, \u017ce mieli\u015bmy zaszczyt uczestniczy\u0107 w procesie tworzenia tej wyj\u0105tkowej&hellip;<\/p>\n","protected":false},"author":1,"featured_media":3344,"comment_status":"open","ping_status":"open","sticky":false,"template":"","format":"standard","meta":{"footnotes":""},"categories":[228],"tags":[],"class_list":["post-3343","post","type-post","status-publish","format-standard","has-post-thumbnail","hentry","category-blog"],"_links":{"self":[{"href":"https:\/\/bicycool.pl\/index.php?rest_route=\/wp\/v2\/posts\/3343","targetHints":{"allow":["GET"]}}],"collection":[{"href":"https:\/\/bicycool.pl\/index.php?rest_route=\/wp\/v2\/posts"}],"about":[{"href":"https:\/\/bicycool.pl\/index.php?rest_route=\/wp\/v2\/types\/post"}],"author":[{"embeddable":true,"href":"https:\/\/bicycool.pl\/index.php?rest_route=\/wp\/v2\/users\/1"}],"replies":[{"embeddable":true,"href":"https:\/\/bicycool.pl\/index.php?rest_route=%2Fwp%2Fv2%2Fcomments&post=3343"}],"version-history":[{"count":13,"href":"https:\/\/bicycool.pl\/index.php?rest_route=\/wp\/v2\/posts\/3343\/revisions"}],"predecessor-version":[{"id":6950,"href":"https:\/\/bicycool.pl\/index.php?rest_route=\/wp\/v2\/posts\/3343\/revisions\/6950"}],"wp:featuredmedia":[{"embeddable":true,"href":"https:\/\/bicycool.pl\/index.php?rest_route=\/wp\/v2\/media\/3344"}],"wp:attachment":[{"href":"https:\/\/bicycool.pl\/index.php?rest_route=%2Fwp%2Fv2%2Fmedia&parent=3343"}],"wp:term":[{"taxonomy":"category","embeddable":true,"href":"https:\/\/bicycool.pl\/index.php?rest_route=%2Fwp%2Fv2%2Fcategories&post=3343"},{"taxonomy":"post_tag","embeddable":true,"href":"https:\/\/bicycool.pl\/index.php?rest_route=%2Fwp%2Fv2%2Ftags&post=3343"}],"curies":[{"name":"wp","href":"https:\/\/api.w.org\/{rel}","templated":true}]}}